{"id":878,"date":"2024-11-20T09:00:00","date_gmt":"2024-11-20T08:00:00","guid":{"rendered":"https:\/\/naturerlebnispfad-alraune.de\/?p=878"},"modified":"2024-11-13T09:28:02","modified_gmt":"2024-11-13T08:28:02","slug":"der-vertraeumte-kranich","status":"publish","type":"post","link":"https:\/\/naturerlebnispfad-alraune.de\/index.php\/2024\/11\/20\/der-vertraeumte-kranich\/","title":{"rendered":"Der vertr\u00e4umte Kranich"},"content":{"rendered":"\n<figure class=\"wp-block-image size-large\"><img loading=\"lazy\" decoding=\"async\" width=\"1024\" height=\"712\" src=\"https:\/\/naturerlebnispfad-alraune.de\/wp-content\/uploads\/2024\/11\/KranichTitel-1024x712.jpg\" alt=\"\" class=\"wp-image-887\" srcset=\"https:\/\/naturerlebnispfad-alraune.de\/wp-content\/uploads\/2024\/11\/KranichTitel-1024x712.jpg 1024w, https:\/\/naturerlebnispfad-alraune.de\/wp-content\/uploads\/2024\/11\/KranichTitel-300x209.jpg 300w, https:\/\/naturerlebnispfad-alraune.de\/wp-content\/uploads\/2024\/11\/KranichTitel-768x534.jpg 768w, https:\/\/naturerlebnispfad-alraune.de\/wp-content\/uploads\/2024\/11\/KranichTitel-1536x1068.jpg 1536w, https:\/\/naturerlebnispfad-alraune.de\/wp-content\/uploads\/2024\/11\/KranichTitel-2048x1424.jpg 2048w\" sizes=\"auto, (max-width: 706px) 89vw, (max-width: 767px) 82vw, 740px\" \/><\/figure>\n\n\n\n<p>Ich, \u201eWeiser Wei\u00dfbart\u201c, habe wieder eine neue Geschichte f\u00fcr euch. Es geschah im letzten Herbst, die Jahreszeit, die wir vom Kleinen Volk auch die Zeit der bunten Bl\u00e4tter nennen. Es wurde schon langsam dunkel, als pl\u00f6tzlich ein sehr gro\u00dfer Vogel recht dicht \u00fcber mich hinweg flog. Er schien auf der Leckerwiese landen zu wollen. Kurz danach h\u00f6rte ich seine lauten Rufe. \u201eOh nein, ich habe die anderen verloren. Was soll ich denn jetzt hier ganz alleine machen?\u201c<\/p>\n\n\n\n<p>Ich ging dem Klang seiner Stimme nach und fand ihn mitten zwischen den Obstb\u00e4umen. \u201eNicht erschrecken, ich bin\u2019s nur,&nbsp; \u201eWeiser Wei\u00dfbart\u201c aus dem Clan \u201eDie in den B\u00e4umen leben\u201c, sagte ich. Ein bisschen erschrak er doch, dabei war er so gro\u00df wie zehn von uns. \u201eOh, da unten bist du. Ich bin \u201eTraumt\u00e4nzer\u201c, ein junger Kranich\u201c, stellte er sich vor. \u201eUnd was machst du hier so ganz alleine?\u201c, wollte ich wissen.<\/p>\n\n\n\n<p>\u201eOh, das ist eine traurige Geschichte\u201c, antwortete er. \u201eIch war mit meiner Familie und vielen anderen Kranichen auf dem Weg in unser Winterquartier. Aber dann habe mich von einer Schar Graug\u00e4nse ablenken lassen, die ganz viel schnatterten und ich bin sehr neugierig. Als ich dann wieder zu den anderen wollte, waren sie schon weg. Also habe ich mir diesen Landeplatz gesucht, denn ich mag nicht alleine im Dunkeln fliegen.\u201c<\/p>\n\n\n\n<p>\u201eAch, aber so schlimm ist das doch nicht. Dann wartest du bis zum Sonnenaufgang und fliegst den anderen nach\u201c; versuchte ich ihm Mut zu machen. \u201eAber ich kenne den Weg nicht, es mein erstes Mal. Ich wei\u00df, wir fliegen nach den Kraftlinien der Erde, dem Stand der Sonne und der Sterne oder der Landschaft unter uns. Aber ich habe noch keine Ahnung wie das genau geht, das muss ich erst noch von den \u00c4lteren lernen.\u201c<\/p>\n\n\n\n<p>Ich \u00fcberlegte kurz. \u201eNa gut, dann fliegst du morgen mit den ersten Kranichen, die vorbei kommen, weiter.\u201c \u201eIch wei\u00df nicht, mit lauter Fremden\u201c, quengelte \u201eTraumt\u00e4nzer\u201c. \u201eNun schlaf erst mal\u201c, antwortete ich. \u201eMorgen fr\u00fch sehen wir weiter.\u201c \u201eNa gut\u201c, stimmte er mir zu. Er steckte den Kopf zwischen seine Federn und ich machte mich auf den Weg zu meinem Bett.<\/p>\n\n\n\n<p>Als ich am n\u00e4chsten Morgen aufwachte, regnete es und es wehte ein starker Wind. Nach einem leckeren Fr\u00fchst\u00fcck und einer Tasse Tee machte ich mich auf den Weg&nbsp; zu \u201eTraumt\u00e4nzer\u201c. \u201eNa, hast du gut geschlafen\u201c, fragte ich ihn. \u201eEs ging so\u201c, kam zur Antwort. \u201eAber ich habe schon ein paar Schnecken und Regenw\u00fcrmer zum Fr\u00fchst\u00fcck gefressen. Bei dem starken Wind aus der falschen Richtung&nbsp; k\u00f6nnen wir nicht fliegen, es werden also auch keine anderen Kraniche vorbei kommen. Was soll ich denn jetzt machen?\u201c<\/p>\n\n\n\n<p>\u201eWarte mal ab, uns f\u00e4llt schon etwas ein. Wie sieht es denn dort aus, wo ihr die kalte Jahreszeit verbringt?\u201c, wollte ich wissen. \u201eIch war ja noch nie da, aber die anderen erz\u00e4hlten von vielen Eichen, steinbedeckten H\u00fcgeln, Reisfeldern und viel Wasser. Und es gibt dort ganz wenig von denen, die ihr Riesen und wir \u201eViel-zu-viele\u201c&nbsp; nennen. Und es ist dort viel w\u00e4rmer als in unserem Sommerquartier.\u201c<\/p>\n\n\n\n<p>\u201eHast du denn schon einmal mit den Riesen zu tun gehabt?\u201c, fragte ich ihn. \u201eAu ja, schau dir die Ringe um meine Beine an. Sie haben mich und meine Schwester \u201eNaseweis\u201c eingefangen, als wir noch nicht fliegen konnten. Unsere Eltern sind weggeflogen, wir zwei haben uns versteckt. Aber sie haben uns erwischt und diese Ringe um unsere Beine gemacht. Am linken Bein bei uns beiden &nbsp;rot-schwarz-rot, am rechten bei mir nur schwarz. Meine Schwester hat am rechten Bein blau-rot-orange. Es hat nicht wehgetan, aber wozu das gut sein soll wissen nur die \u201eViel-zu-viele.\u201c<\/p>\n\n\n\n<p>Tja, das konnte ich mir auch nicht erkl\u00e4ren, aber die Riesen machten viele merkw\u00fcrdige Dinge. Leider wehte der Wind noch mehrere Tage recht stark, also nutzten wir die Zeit, um uns Geschichten zu erz\u00e4hlen. \u201eTraumt\u00e4nzer\u201c berichtete vom Land seiner Geburt, wo es viele Seen und wenig Riesen gab. Aber daf\u00fcr B\u00e4ren, W\u00f6lfe, Elche und viele andere Tiere, die es hier gar nicht oder nur ganz selten gab. Aber er wurde immer unruhiger, je l\u00e4nger der starke Wind anhielt. Dann fiel mir etwas ein.<\/p>\n\n\n\n<figure class=\"wp-block-image size-large\"><img loading=\"lazy\" decoding=\"async\" width=\"1024\" height=\"700\" src=\"https:\/\/naturerlebnispfad-alraune.de\/wp-content\/uploads\/2024\/11\/Kranich1-1024x700.jpg\" alt=\"\" class=\"wp-image-885\" srcset=\"https:\/\/naturerlebnispfad-alraune.de\/wp-content\/uploads\/2024\/11\/Kranich1-1024x700.jpg 1024w, https:\/\/naturerlebnispfad-alraune.de\/wp-content\/uploads\/2024\/11\/Kranich1-300x205.jpg 300w, https:\/\/naturerlebnispfad-alraune.de\/wp-content\/uploads\/2024\/11\/Kranich1-768x525.jpg 768w, https:\/\/naturerlebnispfad-alraune.de\/wp-content\/uploads\/2024\/11\/Kranich1-1536x1050.jpg 1536w, https:\/\/naturerlebnispfad-alraune.de\/wp-content\/uploads\/2024\/11\/Kranich1-2048x1400.jpg 2048w\" sizes=\"auto, (max-width: 706px) 89vw, (max-width: 767px) 82vw, 740px\" \/><\/figure>\n\n\n\n<p>Ich wusste von einem Ort hier ganz in der N\u00e4he, wo seit einigen kalten Jahreszeiten die Kraniche nicht mehr wegflogen. Hier war es die letzten Jahre meistens warm genug, so dass sie hier bleiben konnten. Ich erz\u00e4hlte ihm davon und er \u00fcberlegte kurz. \u201eDas klingt gut, aber wie soll ich den finden\u201c; wollte er wissen. \u201eHmm, ich k\u00f6nnte auf deinem R\u00fccken mitfliegen, aber f\u00fcr einen vom Kleinen Volk dauert der R\u00fcckweg ewig\u201c, antwortete ich. Dann fiel mir \u201eFliegt gern weit\u201c, die Kanadagans ein. \u201eIch wei\u00df da jemand, der dir den Weg zeigen kann und der schnell wieder hier ist.\u201c<\/p>\n\n\n\n<p>Ich hatte sie erst heute Morgen gesehen, am Libellenteich, wo sie uns manchmal besuchte. Jetzt war es auch f\u00fcr sie zu windig, um weiter zu fliegen. Ich machte mich auf den Weg zu ihr und erz\u00e4hlte ihr von \u201eTraumt\u00e4nzers\u201c Problem. \u201eKlar, sobald der Wind etwas nachl\u00e4sst, kann ich ihm den Weg zeigen\u201c, sagte sie. \u201eDas mache sogar sehr gerne, ich bin noch nie mit einem Kranich geflogen.\u201c<\/p>\n\n\n\n<figure class=\"wp-block-image size-large\"><img loading=\"lazy\" decoding=\"async\" width=\"1024\" height=\"702\" src=\"https:\/\/naturerlebnispfad-alraune.de\/wp-content\/uploads\/2024\/11\/Kranich2-1024x702.jpg\" alt=\"\" class=\"wp-image-886\" srcset=\"https:\/\/naturerlebnispfad-alraune.de\/wp-content\/uploads\/2024\/11\/Kranich2-1024x702.jpg 1024w, https:\/\/naturerlebnispfad-alraune.de\/wp-content\/uploads\/2024\/11\/Kranich2-300x206.jpg 300w, https:\/\/naturerlebnispfad-alraune.de\/wp-content\/uploads\/2024\/11\/Kranich2-768x527.jpg 768w, https:\/\/naturerlebnispfad-alraune.de\/wp-content\/uploads\/2024\/11\/Kranich2-1536x1053.jpg 1536w, https:\/\/naturerlebnispfad-alraune.de\/wp-content\/uploads\/2024\/11\/Kranich2-2048x1404.jpg 2048w\" sizes=\"auto, (max-width: 706px) 89vw, (max-width: 767px) 82vw, 740px\" \/><\/figure>\n\n\n\n<p>\u201eTraumt\u00e4nzer\u201c war auch begeistert und so machten sie sich ein paar Tage sp\u00e4ter auf den Weg. So, das war\u2019s mal wieder bis bald mit einer neuen Geschichte.<\/p>\n\n\n\n<p>Illustrationen: Manuela Tolksdorf, Text. Michael Dodt<\/p>\n\n\n\n<p><\/p>\n","protected":false},"excerpt":{"rendered":"<p>Ich, \u201eWeiser Wei\u00dfbart\u201c, habe wieder eine neue Geschichte f\u00fcr euch. Es geschah im letzten Herbst, die Jahreszeit, die wir vom Kleinen Volk auch die Zeit der bunten Bl\u00e4tter nennen. Es wurde schon langsam dunkel, als pl\u00f6tzlich ein sehr gro\u00dfer Vogel recht dicht \u00fcber mich hinweg flog. Er schien auf der Leckerwiese landen zu wollen. Kurz &hellip; <\/p>\n<p class=\"link-more\"><a href=\"https:\/\/naturerlebnispfad-alraune.de\/index.php\/2024\/11\/20\/der-vertraeumte-kranich\/\" class=\"more-link\"><span class=\"screen-reader-text\">\u201eDer vertr\u00e4umte Kranich\u201c <\/span>weiterlesen<\/a><\/p>\n","protected":false},"author":2,"featured_media":0,"comment_status":"closed","ping_status":"closed","sticky":false,"template":"","format":"standard","meta":{"footnotes":""},"categories":[1],"tags":[],"class_list":["post-878","post","type-post","status-publish","format-standard","hentry","category-allgemein"],"_links":{"self":[{"href":"https:\/\/naturerlebnispfad-alraune.de\/index.php\/wp-json\/wp\/v2\/posts\/878","targetHints":{"allow":["GET"]}}],"collection":[{"href":"https:\/\/naturerlebnispfad-alraune.de\/index.php\/wp-json\/wp\/v2\/posts"}],"about":[{"href":"https:\/\/naturerlebnispfad-alraune.de\/index.php\/wp-json\/wp\/v2\/types\/post"}],"author":[{"embeddable":true,"href":"https:\/\/naturerlebnispfad-alraune.de\/index.php\/wp-json\/wp\/v2\/users\/2"}],"replies":[{"embeddable":true,"href":"https:\/\/naturerlebnispfad-alraune.de\/index.php\/wp-json\/wp\/v2\/comments?post=878"}],"version-history":[{"count":2,"href":"https:\/\/naturerlebnispfad-alraune.de\/index.php\/wp-json\/wp\/v2\/posts\/878\/revisions"}],"predecessor-version":[{"id":889,"href":"https:\/\/naturerlebnispfad-alraune.de\/index.php\/wp-json\/wp\/v2\/posts\/878\/revisions\/889"}],"wp:attachment":[{"href":"https:\/\/naturerlebnispfad-alraune.de\/index.php\/wp-json\/wp\/v2\/media?parent=878"}],"wp:term":[{"taxonomy":"category","embeddable":true,"href":"https:\/\/naturerlebnispfad-alraune.de\/index.php\/wp-json\/wp\/v2\/categories?post=878"},{"taxonomy":"post_tag","embeddable":true,"href":"https:\/\/naturerlebnispfad-alraune.de\/index.php\/wp-json\/wp\/v2\/tags?post=878"}],"curies":[{"name":"wp","href":"https:\/\/api.w.org\/{rel}","templated":true}]}}